{"id":22743,"date":"2025-06-23T20:30:46","date_gmt":"2025-06-23T23:30:46","guid":{"rendered":"https:\/\/fractal-security.com\/?p=22743"},"modified":"2025-06-23T20:30:47","modified_gmt":"2025-06-23T23:30:47","slug":"intermodal-2025-a-edicao-que-entrou-para-a-historia","status":"publish","type":"post","link":"https:\/\/fractal-security.com\/pt\/intermodal-2025-a-edicao-que-entrou-para-a-historia\/","title":{"rendered":"Intermodal 2025: a edi\u00e7\u00e3o que entrou para a hist\u00f3ria"},"content":{"rendered":"<p><strong><em>Confira os melhores momentos e o que aconteceu no estande G100 do R\u00eaConecta News<\/em><\/strong><\/p>\n\n\n\n<p>A&nbsp;<strong>Intermodal Am\u00e9rica do Sul 2025<\/strong>&nbsp;entrou para a hist\u00f3ria como a edi\u00e7\u00e3o mais vibrante, inovadora e estrat\u00e9gica do setor log\u00edstico das Am\u00e9ricas. Pela primeira vez realizada no&nbsp;<strong>Distrito Anhembi<\/strong>, Em S\u00e3o Paulo, a feira atraiu quase 50 mil profissionais em tr\u00eas dias intensos de conex\u00f5es, lan\u00e7amentos e troca de conhecimento. O R\u00eaConecta News esteve presente com um estande colaborativo que reuniu 10 empresas parceiras, consolidando um espa\u00e7o de relacionamento, visibilidade e neg\u00f3cios em grande estilo.<br><br><strong>R\u00eaBot: o futuro bateu \u00e0 porta<\/strong><\/p>\n\n\n\n<p>O primeiro dia da feira foi marcado por um momento inesquec\u00edvel: a chegada do R\u00eaBot, o humanoide do futuro, que desembarcou direto no estande do R\u00eaConectaNews para surpreender e provocar reflex\u00f5es. Com seu 1,40m de altura, mais de 60kg de tecnologia e muito carisma, o R\u00eaBot simbolizou a ponte entre o Brasil e as inova\u00e7\u00f5es globais, especialmente as que estavam sendo apresentadas na Canton Fair, na China.<\/p>\n\n\n\n<p>Para&nbsp;<strong>Renata Palmeia<\/strong>, CEO do R\u00eaConecta News, essa presen\u00e7a foi mais que um atrativo visual:&nbsp;<em>\u201cTrazer o R\u00eaBot para a Intermodal foi uma valida\u00e7\u00e3o do que fazemos no R\u00eaConecta: manter nossos parceiros, clientes e seguidores alinhados com o que est\u00e1 bombando no mercado global.&nbsp;<strong>N\u00e3o se tratou apenas de chamar aten\u00e7\u00e3o<\/strong>, mas de mostrar que estamos prontos para o futuro - e o futuro j\u00e1 come\u00e7ou.\u201d<\/em><\/p>\n\n\n\n<p><strong>Parcerias que geraram resultados<\/strong><\/p>\n\n\n\n<p>Nos tr\u00eas dias do evento, o estande do R\u00eaConecta foi casa para 10 marcas inovadoras, que aproveitaram a visibilidade da feira para gerar leads, fortalecer conex\u00f5es e ampliar neg\u00f3cios. Entre elas, esteve a NAC Bank, que apresentou solu\u00e7\u00f5es financeiras exclusivas para importadores e exportadores. Segundo Lauana Pereira, CTO da NAC, participar com o R\u00eaConecta superou as expectativas:&nbsp;<em>\u201cFoi a nossa primeira vez como expositores e tivemos resultados muito interessantes. Esperamos estar aqui no pr\u00f3ximo ano, ainda maiores e fazendo mais barulho do que fizemos este ano.\u201d<\/em><\/p>\n\n\n\n<p>Com um ambiente receptivo e din\u00e2mico, o espa\u00e7o preparado pelo R\u00eaConecta proporcionou uma verdadeira experi\u00eancia de marca para quem passou por l\u00e1. As intera\u00e7\u00f5es com o R\u00eaBot, as apresenta\u00e7\u00f5es das marcas parceiras e os momentos de networking consolidaram o espa\u00e7o como um dos mais movimentados da feira.<\/p>\n\n\n\n<p>Para a GH Solucionador Log\u00edstico, foi um momento \u00fanico e de muitas oportunidades.&nbsp;<em>\u201cFoi uma experi\u00eancia incr\u00edvel, com muito networking. Esper\u00e1vamos encontrar muitos clientes ativos, mas, al\u00e9m da expectativa, acabamos nos conectando com muitas oportunidades novas, de empresas que em algum momento hav\u00edamos prospectado e que agora vieram fechar neg\u00f3cio\u201d<\/em>, revelou Carlos Alberto, diretor comercial da GH.<\/p>\n\n\n\n<p><strong>Programa\u00e7\u00e3o animada e descontra\u00e7\u00e3o<\/strong><\/p>\n\n\n\n<p>Al\u00e9m de todo o trabalho, conex\u00f5es estrat\u00e9gicas e gera\u00e7\u00e3o de neg\u00f3cios, o estande do R\u00eaConecta News tamb\u00e9m foi palco de momentos especiais de descontra\u00e7\u00e3o. Tivemos o animado Encontro das Divas, o Encontro dos Amigos, homenagem aos Despachantes Aduaneiros, al\u00e9m de DJ e m\u00fasica todos os dias para manter o clima leve e vibrante. As mulheres foram presenteadas com sess\u00f5es de maquiagem, enquanto convidados e parceiros puderam desfrutar de comidas e bebidas em um ambiente acolhedor e cheio de energia.<\/p>\n\n\n\n<p><strong>At\u00e9 2026, ainda mais conectados!<\/strong><\/p>\n\n\n\n<p>O R\u00eaConecta News encerrou sua participa\u00e7\u00e3o na Intermodal 2025 com o sentimento de miss\u00e3o cumprida e com muitas hist\u00f3rias para contar. Mais do que participar de um evento, foi um momento de reafirma\u00e7\u00e3o de prop\u00f3sito: reunir empresas, provocar reflex\u00f5es e abrir caminhos para o futuro.<\/p>\n\n\n\n<p>N\u00f3s veremos em abril de 2026, novamente no Distrito Anhembi, prontos para mais uma edi\u00e7\u00e3o hist\u00f3rica da Intermodal South America.<\/p>\n\n\n\n<p><strong><em>Porque o futuro se constr\u00f3i com conex\u00f5es,<\/em><\/strong><br><strong><em>O R\u00eaConecta esteve l\u00e1 para isso<\/em>.<\/strong><\/p>\n\n\n\n<p><strong>Confira a not\u00edcia completa,\u00a0<a href=\"https:\/\/reconectanews.com.br\/intermodal-2025-a-edicao-que-entrou-para-a-historia\/\">clique aqui<\/a><\/strong><\/p>\n\n\n\n<p><\/p>","protected":false},"excerpt":{"rendered":"<p>Confira os melhores momentos e o que aconteceu no estande G100 do R\u00eaConecta News A&nbsp;Intermodal South America 2025&nbsp;entrou para a hist\u00f3ria como a edi\u00e7\u00e3o mais vibrante, inovadora e estrat\u00e9gica do&hellip;<\/p>","protected":false},"author":3,"featured_media":22744,"comment_status":"closed","ping_status":"closed","sticky":false,"template":"","format":"standard","meta":{"inline_featured_image":false,"footnotes":""},"categories":[7],"tags":[],"class_list":["post-22743","post","type-post","status-publish","format-standard","has-post-thumbnail","hentry","category-blog"],"_links":{"self":[{"href":"https:\/\/fractal-security.com\/pt\/wp-json\/wp\/v2\/posts\/22743","targetHints":{"allow":["GET"]}}],"collection":[{"href":"https:\/\/fractal-security.com\/pt\/wp-json\/wp\/v2\/posts"}],"about":[{"href":"https:\/\/fractal-security.com\/pt\/wp-json\/wp\/v2\/types\/post"}],"author":[{"embeddable":true,"href":"https:\/\/fractal-security.com\/pt\/wp-json\/wp\/v2\/users\/3"}],"replies":[{"embeddable":true,"href":"https:\/\/fractal-security.com\/pt\/wp-json\/wp\/v2\/comments?post=22743"}],"version-history":[{"count":1,"href":"https:\/\/fractal-security.com\/pt\/wp-json\/wp\/v2\/posts\/22743\/revisions"}],"predecessor-version":[{"id":22745,"href":"https:\/\/fractal-security.com\/pt\/wp-json\/wp\/v2\/posts\/22743\/revisions\/22745"}],"wp:featuredmedia":[{"embeddable":true,"href":"https:\/\/fractal-security.com\/pt\/wp-json\/wp\/v2\/media\/22744"}],"wp:attachment":[{"href":"https:\/\/fractal-security.com\/pt\/wp-json\/wp\/v2\/media?parent=22743"}],"wp:term":[{"taxonomy":"category","embeddable":true,"href":"https:\/\/fractal-security.com\/pt\/wp-json\/wp\/v2\/categories?post=22743"},{"taxonomy":"post_tag","embeddable":true,"href":"https:\/\/fractal-security.com\/pt\/wp-json\/wp\/v2\/tags?post=22743"}],"curies":[{"name":"wp","href":"https:\/\/api.w.org\/{rel}","templated":true}]}}